{"id":10431,"date":"2020-04-02T10:25:10","date_gmt":"2020-04-02T08:25:10","guid":{"rendered":"https:\/\/www.uni3trieste.it\/?p=10431"},"modified":"2022-06-27T11:49:32","modified_gmt":"2022-06-27T11:49:32","slug":"daniele-pizzamei-contributi","status":"publish","type":"post","link":"https:\/\/uni3trieste.it\/index.php\/daniele-pizzamei-contributi\/","title":{"rendered":"PIZZAMEI DANIELE &#8211; CONTRIBUTI"},"content":{"rendered":"<p><strong><em>Daniele Pizzamei<\/em><\/strong><em> si \u00e8 avvicinato quest\u2019anno all\u2019 Uni3. Ha partecipato alle operazioni di iscrizione nel mese di settembre, ha tenuto a Trieste e a Muggia una serie di conferenze sulla tragedia del Vajont.<\/em><\/p>\n<p>Durante questo periodo di isolamento casalingo coatto, ho avuto modo di riordinare il mio archivio fotografico personale dei luoghi visitati, e l&#8217;attenzione si \u00e8 subito soffermata sulle foto dei miei viaggi effettuati\u00a0 negli Stati Uniti. La prima volta \u00e8 stato nel gennaio del 2010, che \u00e8 coincisa anche con il primo volo intercontinentale, con scalo al JFK di New York e definitivo atterraggio, dopo quasi 18 ore, con la particolarit\u00e0 dell\u2019ultima discesa attraverso i grattacieli prima di toccare la pista dell&#8217;aeroporto, a San Diego, grande citt\u00e0 nel sud della California statunitense, al confine con il Messico.<\/p>\n<p>Paesaggi affascinanti, soprattutto quelli costieri, ed ambienti urbani del tutto nuovi ed estremamente stupefacenti per dimensioni e distanze per uno che arriva dal vecchio continente, sono state due settimane intense, che mi hanno portato a visitare, oltre ai dintorni di San Diego e le sue attrazioni principali (il Sea World, famoso e molto esteso parco dei divertimenti acquatico e giardino zoologico, e lo zoo cittadino), la megalopoli di Los Angeles e la sua immensa periferia, e la fantastica citt\u00e0 di San Francisco, mia citt\u00e0 preferita che per alcuni aspetti mi ricorda Trieste (splendida baia, funicolare, erte salite e dove uno dei pi\u00f9 famosi locali si chiama proprio Caffe Trieste) nel nord dello stato, famosa per i cable cars, i caratteristici tram cittadini, il Golden Gate Bridge,\u00a0 e l&#8217;isola di Alcatraz, la roccia, posta nel centro della baia, molto nota per l&#8217;omonimo penitenziario.<\/p>\n<p>In questi tempi cos\u00ec complicati, incerti, vissuti da reclusi, il mio desiderio ed auspicio pi\u00f9 grandi saranno, alla fine di questa esperienza emergenziale, quelli di poter ripetere e rivedere questi ed altri luoghi, in tutta tranquillit\u00e0 e sicurezza.<\/p>\n<p>A presto<\/p>\n<p><span style=\"font-size: 14pt;\"><strong><em>California Gennaio 2010<\/em><\/strong><\/span><\/p>\n<p><strong>scarica il video<\/strong>[<a href=\"https:\/\/www.youtube.com\/watch?v=Ji_TSAJh-zg&amp;t=8s\"><strong>https:\/\/www.youtube.com\/watch?v=Ji_TSAJh-zg&amp;t=8s<\/strong>]<\/a><\/p>\n<p><em><strong><span style=\"font-size: 14pt;\">California Nevada\u00a0 Novembre 2010<\/span><\/strong><\/em><\/p>\n<p><strong>scarica il\u00a0 video<\/strong> <a href=\"https:\/\/www.youtube.com\/watch?v=Y9oYgD9aE7M\">[<strong>https:\/\/www.youtube.com\/watch?v=Y9oYgD9aE7M<\/strong><\/a>]<\/p>\n<p><span style=\"font-size: 14pt;\"><em><strong>California Novembre 2011<\/strong><\/em><\/span><\/p>\n<p><strong>scarica il video<\/strong> <strong>[<a href=\"https:\/\/www.youtube.com\/watch?v=zgpFE3JqBxc\">https:\/\/www.youtube.com\/watch?v=zgpFE3JqBxc<\/a><\/strong>]<\/p>\n<p><span style=\"font-size: 14pt;\"><strong>San Francisco 2012<\/strong><\/span><\/p>\n<p><strong>scarica il video <span style=\"font-size: 14pt;\">[<a href=\"https:\/\/www.youtube.com\/watch?v=7ztDsD_ikCQf\">https:\/\/www.youtube.com\/watch?v=7ztDsD_ikCQf<\/a><\/span>]<\/strong><\/p>\n<p>&nbsp;<\/p>\n<p>&nbsp;<\/p>\n<p>&nbsp;<\/p>\n","protected":false},"excerpt":{"rendered":"<p>Daniele Pizzamei si \u00e8 avvicinato quest\u2019anno all\u2019 Uni3. Ha partecipato alle operazioni di iscrizione nel mese di settembre, ha tenuto a Trieste e a Muggia una serie di conferenze sulla tragedia del Vajont. Durante questo periodo di isolamento casalingo coatto, ho avuto modo di riordinare il mio archivio fotografico personale dei luoghi visitati, e l&#8217;attenzione [&hellip;]<\/p>\n","protected":false},"author":2,"featured_media":0,"comment_status":"open","ping_status":"open","sticky":false,"template":"","format":"standard","meta":{"_et_pb_use_builder":"","_et_pb_old_content":"","_et_gb_content_width":"","footnotes":""},"categories":[17],"tags":[],"post_mailing_queue_ids":[],"_links":{"self":[{"href":"https:\/\/uni3trieste.it\/index.php\/wp-json\/wp\/v2\/posts\/10431"}],"collection":[{"href":"https:\/\/uni3trieste.it\/index.php\/wp-json\/wp\/v2\/posts"}],"about":[{"href":"https:\/\/uni3trieste.it\/index.php\/wp-json\/wp\/v2\/types\/post"}],"author":[{"embeddable":true,"href":"https:\/\/uni3trieste.it\/index.php\/wp-json\/wp\/v2\/users\/2"}],"replies":[{"embeddable":true,"href":"https:\/\/uni3trieste.it\/index.php\/wp-json\/wp\/v2\/comments?post=10431"}],"version-history":[{"count":1,"href":"https:\/\/uni3trieste.it\/index.php\/wp-json\/wp\/v2\/posts\/10431\/revisions"}],"predecessor-version":[{"id":14878,"href":"https:\/\/uni3trieste.it\/index.php\/wp-json\/wp\/v2\/posts\/10431\/revisions\/14878"}],"wp:attachment":[{"href":"https:\/\/uni3trieste.it\/index.php\/wp-json\/wp\/v2\/media?parent=10431"}],"wp:term":[{"taxonomy":"category","embeddable":true,"href":"https:\/\/uni3trieste.it\/index.php\/wp-json\/wp\/v2\/categories?post=10431"},{"taxonomy":"post_tag","embeddable":true,"href":"https:\/\/uni3trieste.it\/index.php\/wp-json\/wp\/v2\/tags?post=10431"}],"curies":[{"name":"wp","href":"https:\/\/api.w.org\/{rel}","templated":true}]}}