{"id":14842,"date":"2022-06-19T08:12:48","date_gmt":"2022-06-19T08:12:48","guid":{"rendered":"https:\/\/www.uni3trieste.it\/?p=14842"},"modified":"2022-06-19T08:12:48","modified_gmt":"2022-06-19T08:12:48","slug":"il-sigillo-trecentesco-a-uni3","status":"publish","type":"post","link":"https:\/\/uni3trieste.it\/index.php\/il-sigillo-trecentesco-a-uni3\/","title":{"rendered":"IL SIGILLO TRECENTESCO A UNI3"},"content":{"rendered":"<p><strong><span style=\"font-size: 14pt;\">Mercoled\u00ec 15 giugno, alle ore 11.00, nella Sala del Consiglio Comunale \u00e8 stato conferito il Sigillo trecentesco della Citt\u00e0 di Trieste alla nostra Universit\u00e0.<\/span><\/strong><\/p>\n<p><span style=\"font-size: 14pt;\">Grazie al lavoro di Nevia, Nadja, Giulio e Giorgio presentiamo una ricca documentazione fotografica dell&#8217;evento. Scarica le foto[<a href=\"https:\/\/www.uni3trieste.it\/wp-content\/uploads\/2022\/06\/Album-foto_SIGILLO.pdf\">Album foto_SIGILLO<\/a>]<\/span><\/p>\n<p>&nbsp;<\/p>\n","protected":false},"excerpt":{"rendered":"<p>Mercoled\u00ec 15 giugno, alle ore 11.00, nella Sala del Consiglio Comunale \u00e8 stato conferito il Sigillo trecentesco della Citt\u00e0 di Trieste alla nostra Universit\u00e0. Grazie al lavoro di Nevia, Nadja, Giulio e Giorgio presentiamo una ricca documentazione fotografica dell&#8217;evento. Scarica le foto[Album foto_SIGILLO] &nbsp;<\/p>\n","protected":false},"author":2,"featured_media":0,"comment_status":"open","ping_status":"open","sticky":false,"template":"","format":"standard","meta":{"_et_pb_use_builder":"","_et_pb_old_content":"","_et_gb_content_width":"","footnotes":""},"categories":[14],"tags":[],"post_mailing_queue_ids":[],"_links":{"self":[{"href":"https:\/\/uni3trieste.it\/index.php\/wp-json\/wp\/v2\/posts\/14842"}],"collection":[{"href":"https:\/\/uni3trieste.it\/index.php\/wp-json\/wp\/v2\/posts"}],"about":[{"href":"https:\/\/uni3trieste.it\/index.php\/wp-json\/wp\/v2\/types\/post"}],"author":[{"embeddable":true,"href":"https:\/\/uni3trieste.it\/index.php\/wp-json\/wp\/v2\/users\/2"}],"replies":[{"embeddable":true,"href":"https:\/\/uni3trieste.it\/index.php\/wp-json\/wp\/v2\/comments?post=14842"}],"version-history":[{"count":1,"href":"https:\/\/uni3trieste.it\/index.php\/wp-json\/wp\/v2\/posts\/14842\/revisions"}],"predecessor-version":[{"id":14843,"href":"https:\/\/uni3trieste.it\/index.php\/wp-json\/wp\/v2\/posts\/14842\/revisions\/14843"}],"wp:attachment":[{"href":"https:\/\/uni3trieste.it\/index.php\/wp-json\/wp\/v2\/media?parent=14842"}],"wp:term":[{"taxonomy":"category","embeddable":true,"href":"https:\/\/uni3trieste.it\/index.php\/wp-json\/wp\/v2\/categories?post=14842"},{"taxonomy":"post_tag","embeddable":true,"href":"https:\/\/uni3trieste.it\/index.php\/wp-json\/wp\/v2\/tags?post=14842"}],"curies":[{"name":"wp","href":"https:\/\/api.w.org\/{rel}","templated":true}]}}