{"id":16397,"date":"2023-10-09T04:56:52","date_gmt":"2023-10-09T04:56:52","guid":{"rendered":"https:\/\/www.uni3trieste.it\/?p=16397"},"modified":"2023-10-09T04:56:52","modified_gmt":"2023-10-09T04:56:52","slug":"eventi-in-uni3-alcune-foto","status":"publish","type":"post","link":"https:\/\/uni3trieste.it\/index.php\/eventi-in-uni3-alcune-foto\/","title":{"rendered":"EVENTI IN UNI3 \u2013 ALCUNE FOTO"},"content":{"rendered":"<p><span style=\"font-size: 14pt;\"><strong>E-vento Barcolana 55<\/strong>, <\/span><span style=\"font-size: 14pt;\">gioved\u00ec 5 ottobre[<a href=\"https:\/\/www.uni3trieste.it\/wp-content\/uploads\/2023\/10\/Album-foto_BARCOLANA_2023.pdf\">Album foto_BARCOLANA_2023<\/a>]<\/span><\/p>\n<p><span style=\"font-size: 14pt;\"><strong>Presentazione delle attivit\u00e0 in Uni3<\/strong>, <\/span><span style=\"font-size: 14pt;\">venerd\u00ec 6 ottobre[<a href=\"https:\/\/www.uni3trieste.it\/wp-content\/uploads\/2023\/10\/Album-foto_PRESENTAZIONE-CORSI-2023.pdf\">Album foto_PRESENTAZIONE CORSI 2023<\/a>]<\/span><\/p>\n<p><span style=\"font-size: 14pt;\"><strong>UNI3 allo stand in BARCOLANA<\/strong> del comune di DUINO AURISINA <\/span><span style=\"font-size: 14pt;\">venerd\u00ec 6 ottobre[<a href=\"https:\/\/www.uni3trieste.it\/wp-content\/uploads\/2023\/10\/Album-fotoAURISINA_BARC_2023.pdf\">Album fotoAURISINA_BARC_2023<\/a>]<\/span><\/p>\n","protected":false},"excerpt":{"rendered":"<p>E-vento Barcolana 55, gioved\u00ec 5 ottobre[Album foto_BARCOLANA_2023] Presentazione delle attivit\u00e0 in Uni3, venerd\u00ec 6 ottobre[Album foto_PRESENTAZIONE CORSI 2023] UNI3 allo stand in BARCOLANA del comune di DUINO AURISINA venerd\u00ec 6 ottobre[Album fotoAURISINA_BARC_2023]<\/p>\n","protected":false},"author":2,"featured_media":0,"comment_status":"open","ping_status":"open","sticky":false,"template":"","format":"standard","meta":{"_et_pb_use_builder":"","_et_pb_old_content":"","_et_gb_content_width":"","footnotes":""},"categories":[14],"tags":[],"post_mailing_queue_ids":[],"_links":{"self":[{"href":"https:\/\/uni3trieste.it\/index.php\/wp-json\/wp\/v2\/posts\/16397"}],"collection":[{"href":"https:\/\/uni3trieste.it\/index.php\/wp-json\/wp\/v2\/posts"}],"about":[{"href":"https:\/\/uni3trieste.it\/index.php\/wp-json\/wp\/v2\/types\/post"}],"author":[{"embeddable":true,"href":"https:\/\/uni3trieste.it\/index.php\/wp-json\/wp\/v2\/users\/2"}],"replies":[{"embeddable":true,"href":"https:\/\/uni3trieste.it\/index.php\/wp-json\/wp\/v2\/comments?post=16397"}],"version-history":[{"count":1,"href":"https:\/\/uni3trieste.it\/index.php\/wp-json\/wp\/v2\/posts\/16397\/revisions"}],"predecessor-version":[{"id":16398,"href":"https:\/\/uni3trieste.it\/index.php\/wp-json\/wp\/v2\/posts\/16397\/revisions\/16398"}],"wp:attachment":[{"href":"https:\/\/uni3trieste.it\/index.php\/wp-json\/wp\/v2\/media?parent=16397"}],"wp:term":[{"taxonomy":"category","embeddable":true,"href":"https:\/\/uni3trieste.it\/index.php\/wp-json\/wp\/v2\/categories?post=16397"},{"taxonomy":"post_tag","embeddable":true,"href":"https:\/\/uni3trieste.it\/index.php\/wp-json\/wp\/v2\/tags?post=16397"}],"curies":[{"name":"wp","href":"https:\/\/api.w.org\/{rel}","templated":true}]}}