{"id":19501,"date":"2026-01-07T17:55:10","date_gmt":"2026-01-07T16:55:10","guid":{"rendered":"https:\/\/uni3trieste.it\/?p=19501"},"modified":"2026-01-29T10:27:27","modified_gmt":"2026-01-29T09:27:27","slug":"gacic-e-civitarese-materiali","status":"publish","type":"post","link":"https:\/\/uni3trieste.it\/index.php\/gacic-e-civitarese-materiali\/","title":{"rendered":"Gacic e Civitarese &#8211; Materiali"},"content":{"rendered":"<p><span style=\"font-size: 14pt;\"><strong>Alcuni appunti preparati dal prof. Miroslav Gacic e dal prof. Giuseppe Civitarese:<\/strong><\/span><\/p>\n<p><span style=\"font-size: 14pt;\"><strong>Il mondo che abbiamo visto cambiare <\/strong><\/span><span style=\"font-size: 14pt;\"><strong>[<a href=\"https:\/\/uni3trieste.it\/wp-content\/uploads\/2026\/01\/Il-mondo-che-abbiamo-visto-cambiare.pdf\">Il mondo che abbiamo visto cambiare<\/a>]<\/strong><\/span><\/p>\n<p><strong><span style=\"font-size: 14pt;\">Il Mediterraneo e cambiamenti climatici [<a href=\"https:\/\/uni3trieste.it\/wp-content\/uploads\/2026\/01\/Il-Mediterraneo-e-cambiamenti-climatici.pdf\">Il Mediterraneo e cambiamenti climatici<\/a>]<\/span><\/strong><\/p>\n<p><span style=\"font-size: 14pt;\"><a href=\"https:\/\/uni3trieste.it\/wp-content\/uploads\/2026\/01\/Climate-change-Mediterranean.pdf\">Climate change Mediterranean<\/a><\/span><\/p>\n<p><span style=\"font-size: 14pt;\"><a href=\"https:\/\/uni3trieste.it\/wp-content\/uploads\/2026\/01\/Lezione-3a-eta-gennaio-2026.pdf\">Lezione 3a et\u00e0 gennaio 2026<\/a><\/span><\/p>\n<p><span style=\"font-size: 14pt;\"><a href=\"https:\/\/uni3trieste.it\/wp-content\/uploads\/2026\/01\/Lezione-mercoledi-17-dicembre.pdf\">Lezione mercoled\u00ec 17 dicembre<\/a><\/span><\/p>\n<p><span style=\"font-size: 14pt;\"><a href=\"https:\/\/uni3trieste.it\/wp-content\/uploads\/2026\/01\/Lezione-mercoledi-26.pdf\">Lezione mercoled\u00ec 26<\/a><\/span><\/p>\n","protected":false},"excerpt":{"rendered":"<p>Alcuni appunti preparati dal prof. Miroslav Gacic e dal prof. Giuseppe Civitarese: Il mondo che abbiamo visto cambiare [Il mondo che abbiamo visto cambiare] Il Mediterraneo e cambiamenti climatici [Il Mediterraneo e cambiamenti climatici] Climate change Mediterranean Lezione 3a et\u00e0 gennaio 2026 Lezione mercoled\u00ec 17 dicembre Lezione mercoled\u00ec 26<\/p>\n","protected":false},"author":2,"featured_media":0,"comment_status":"open","ping_status":"open","sticky":false,"template":"","format":"standard","meta":{"_et_pb_use_builder":"","_et_pb_old_content":"","_et_gb_content_width":"","footnotes":""},"categories":[18],"tags":[],"post_mailing_queue_ids":[],"_links":{"self":[{"href":"https:\/\/uni3trieste.it\/index.php\/wp-json\/wp\/v2\/posts\/19501"}],"collection":[{"href":"https:\/\/uni3trieste.it\/index.php\/wp-json\/wp\/v2\/posts"}],"about":[{"href":"https:\/\/uni3trieste.it\/index.php\/wp-json\/wp\/v2\/types\/post"}],"author":[{"embeddable":true,"href":"https:\/\/uni3trieste.it\/index.php\/wp-json\/wp\/v2\/users\/2"}],"replies":[{"embeddable":true,"href":"https:\/\/uni3trieste.it\/index.php\/wp-json\/wp\/v2\/comments?post=19501"}],"version-history":[{"count":3,"href":"https:\/\/uni3trieste.it\/index.php\/wp-json\/wp\/v2\/posts\/19501\/revisions"}],"predecessor-version":[{"id":19655,"href":"https:\/\/uni3trieste.it\/index.php\/wp-json\/wp\/v2\/posts\/19501\/revisions\/19655"}],"wp:attachment":[{"href":"https:\/\/uni3trieste.it\/index.php\/wp-json\/wp\/v2\/media?parent=19501"}],"wp:term":[{"taxonomy":"category","embeddable":true,"href":"https:\/\/uni3trieste.it\/index.php\/wp-json\/wp\/v2\/categories?post=19501"},{"taxonomy":"post_tag","embeddable":true,"href":"https:\/\/uni3trieste.it\/index.php\/wp-json\/wp\/v2\/tags?post=19501"}],"curies":[{"name":"wp","href":"https:\/\/api.w.org\/{rel}","templated":true}]}}