{"id":9413,"date":"2019-07-11T13:30:48","date_gmt":"2019-07-11T11:30:48","guid":{"rendered":"https:\/\/www.uni3trieste.it\/?p=9413"},"modified":"2019-07-11T13:30:48","modified_gmt":"2019-07-11T11:30:48","slug":"contributi-prof-mauro-messerotti","status":"publish","type":"post","link":"https:\/\/uni3trieste.it\/index.php\/contributi-prof-mauro-messerotti\/","title":{"rendered":"CONTRIBUTI PROF. MAURO MESSEROTTI"},"content":{"rendered":"<p>Condividiamo con i nostri iscritti alcuni contributo che il prof. Mauro Messerotti ha condiviso con la nostra Universit\u00e0, e che ringraziamo sentitamente<\/p>\n<p><span style=\"color: #000000;\"><strong>[<a style=\"color: #000000;\" href=\"https:\/\/www.uni3trieste.it\/wp-content\/uploads\/2019\/07\/Luna-piena.jpg\">Luna piena<\/a>] [<a style=\"color: #000000;\" href=\"https:\/\/www.uni3trieste.it\/wp-content\/uploads\/2019\/07\/Luna-piena-1.jpg\">Luna piena 2<\/a>] [<a style=\"color: #000000;\" href=\"https:\/\/www.uni3trieste.it\/wp-content\/uploads\/2019\/07\/Giove-e-le-4-lune.jpg\">Giove e le 4 lune<\/a>] [<a style=\"color: #000000;\" href=\"https:\/\/www.uni3trieste.it\/wp-content\/uploads\/2019\/07\/Giove-e-le-4-lune-bis.jpg\">Giove e le 4 lune 2<\/a>]<\/strong><\/span><\/p>\n<p>&#8220;18 LUGLIO 2019, Luna piena e Giove con le quattro lune medicee (Callisto, Ganimede, Europa, Io da sinistra a destra nella foto) fotografate con una Nikon Coolpix\u00a0P900 a mano libera. Le immagini sono state post-elaborate per sottolineare i dettagli&#8221;<\/p>\n<p><span style=\"color: #000000;\"><strong>[<a style=\"color: #000000;\" href=\"https:\/\/www.uni3trieste.it\/wp-content\/uploads\/2019\/07\/Distanza-Terra-Sole.jpeg\">Distanza Terra-Sole<\/a>]<\/strong><\/span><\/p>\n<p>&#8220;5 LUGLIO 2019, alle 00:10 cest la terra ha raggiunto il punto della sua orbita pi\u00f9 lontana dal sole (afelio). In quel periodo, la distanza del centro terrestre dal centro del sole era pari a 152,104,285 km. Il afelio si verifica circa due settimane dopo il solstizio d&#8217;estate (21 giugno 2019). Non \u00e8 sorprendente che durante l&#8217;estate nell&#8217;emisfero nord la terra raggiunga la pi\u00f9 grande distanza dal sole. Infatti, poich\u00e9 l&#8217;orbita della terra \u00e8 quasi circolare, non \u00e8 la distanza a determinare il riscaldamento, o il raffreddamento, ma l&#8217;inclinazione dei raggi solari incidente sull&#8217;atmosfera terrestre, che \u00e8 pi\u00f9 piccola nell&#8217;emisfero nord in questo periodo di L&#8217; anno. A dimostrazione di ci\u00f2, ricordiamo che la terra ha raggiunto il punto della sua orbita pi\u00f9 vicina al sole (perielio) il 3 gennaio 2019, i. E., durante l&#8217;inverno nell&#8217;emisfero nord&#8221;<\/p>\n<p><strong><span style=\"color: #000000;\">[<a style=\"color: #000000;\" href=\"https:\/\/www.uni3trieste.it\/wp-content\/uploads\/2019\/07\/Eclissi-parziale-Luna.jpeg\">Eclissi parziale Luna<\/a>] [<a style=\"color: #000000;\" href=\"https:\/\/www.uni3trieste.it\/wp-content\/uploads\/2019\/07\/Eclissi-parziale-Luna-2.jpeg\">Eclissi parziale Luna 2<\/a>] [<a style=\"color: #000000;\" href=\"https:\/\/www.uni3trieste.it\/wp-content\/uploads\/2019\/07\/Eclissi-parziale-Luna-3.jpeg\">Eclissi parziale Luna 3<\/a>] [<a style=\"color: #000000;\" href=\"https:\/\/www.uni3trieste.it\/wp-content\/uploads\/2019\/07\/Eclissi-parziale-Luna-4.jpeg\">Eclissi parziale Luna 4<\/a>]\u00a0[<a style=\"color: #000000;\" href=\"https:\/\/www.uni3trieste.it\/wp-content\/uploads\/2019\/07\/Eclissi-parziale-Luna-5.jpeg\">Eclissi parziale Luna 5<\/a>]\u00a0[<a style=\"color: #000000;\" href=\"https:\/\/www.uni3trieste.it\/wp-content\/uploads\/2019\/07\/Eclissi-parziale-Luna-6.jpeg\">Eclissi parziale Luna 6<\/a>]\u00a0[<a style=\"color: #000000;\" href=\"https:\/\/www.uni3trieste.it\/wp-content\/uploads\/2019\/07\/Eclissi-parziale-Luna-7.jpeg\">Eclissi parziale Luna 7<\/a>]\u00a0[<a style=\"color: #000000;\" href=\"https:\/\/www.uni3trieste.it\/wp-content\/uploads\/2019\/07\/Eclissi-parziale-Luna-video-1.mp4\">Eclissi parziale Luna video<\/a>]\u00a0[<a style=\"color: #000000;\" href=\"https:\/\/www.uni3trieste.it\/wp-content\/uploads\/2019\/07\/Eclissi-parziale-Luna-video-2.mp4\">Eclissi parziale Luna video 2<\/a>]\u00a0[<a style=\"color: #000000;\" href=\"https:\/\/www.uni3trieste.it\/wp-content\/uploads\/2019\/07\/Eclissi-parziale-Luna-video-3.mp4\">Eclissi parziale Luna video 3<\/a>]\u00a0[<a style=\"color: #000000;\" href=\"https:\/\/www.uni3trieste.it\/wp-content\/uploads\/2019\/07\/Eclissi-parziale-Luna-video-4.mp4\">Eclissi parziale Luna video 4<\/a>]<\/span><\/strong><\/p>\n<p>ECLISSE PARZIALE DI LUNA<br \/>\n&#8220;16-17 LUGLIO\u00a02019, Le eclissi di Luna avvengono quando si verifica un allineamento nello spazio tra il Sole, la Terra e la Luna, per cui la Terra nasconde totalmente o parzialmente la luce del Sole alla Luna, proiettando su di essa un cono di penombra e un cono d\u2019ombra. Nel primo caso si verifica un\u2019eclisse totale di Luna (per un certo periodo di tempo il disco lunare \u00e8 completamente oscurato) e nel secondo caso un\u2019eclisse parziale di Luna (per un certo periodo di tempo il disco lunare \u00e8 solo parzialmente oscurato ed una parte di esso rimane luminosa).<br \/>\nNella notte tra il 16 ed il 17 Luglio 2019 si verificher\u00e0 un\u2019eclisse parziale di Luna, che sar\u00e0 visibile in qualsiasi localit\u00e0 geografica dove la Luna sorger\u00e0 e tramonter\u00e0 durante la notte. Pertanto i tempi delle varie fasi dell\u2019eclisse sono gli stessi per qualsiasi localit\u00e0 geografica, ma cambiano per\u00f2 l\u2019ora del tramonto del Sole e quella della levata della Luna. Cosicch\u00e9 in alcune localit\u00e0 non sar\u00e0 possibile osservare la fase iniziale dell\u2019eclisse oppure quella finale, perch\u00e9 la luce del Sole al tramonto o all\u2019alba mascherer\u00e0 il fenomeno oppure perch\u00e9 l\u2019eclisse inizier\u00e0 o terminer\u00e0 quando la Luna non sar\u00e0 ancora sorta oppure sar\u00e0 gi\u00e0 tramontata.<br \/>\nMarted\u00ec 16 Luglio 2019 la Luna entrer\u00e0 nel cono di penombra della Terra alle 20:43 CEST (Tempo Estivo Europa Centrale = tempo mostrato dall\u2019orologio nell\u2019Europa Centrale e quindi anche in Italia) proprio quando sorger\u00e0 a Trieste, ma il Sole tramonter\u00e0 qualche minuto pi\u00f9 tardi alle 20:50 CEST. Questa fase di eclisse penombrale sar\u00e0 perci\u00f2 difficile da osservare nella sua fase iniziale, perch\u00e9 la luminosit\u00e0 del cielo sar\u00e0 ancora predominante.<br \/>\nLa Luna entrer\u00e0 nel cono d\u2019ombra della Terra alle 22:01 CEST. Sar\u00e0 l\u2019inizio della fase di eclisse parziale, ben visibile per tutta la sua evoluzione.<br \/>\nAlle 23:30 CEST la fase di eclisse parziale avr\u00e0 il suo massimo, quando la percentuale del diametro della Luna nascosta dall\u2019ombra della Terra sar\u00e0 pari al 65,3% (Magnitudine dell\u2019eclisse = 0,653).<br \/>\nMercoled\u00ec 17 Luglio alle 00:59 CEST la Luna uscir\u00e0 dal cono d\u2019ombra della Terra, concludendo la fase di eclisse parziale per una durata complessiva di 2 ore e 58 minuti.<br \/>\nAlle 02:17 CEST la Luna uscir\u00e0 dal cono di penombra della Terra, concludendo la fase di eclisse penombrale e stabilendo la fine dell\u2019eclisse, durata complessivamente 5 ore e 34 minuti.<br \/>\nLa fase di eclisse parziale \u00e8 quella meglio visibile ad occhio nudo (non \u00e8 necessaria alcuna protezione per la vista, data la bassa luminosit\u00e0 della Luna eclissata), con un buon binocolo oppure con un piccolo telescopio per osservare i dettagli della superficie lunare nella parte illuminata ed in quella in eclisse, che, comunque, avr\u00e0 una colorazione ramata dovuta alla luce solare rifratta e diffusa dall\u2019atmosfera terrestre che illuminer\u00e0 debolmente la parte del disco lunare in eclisse.<br \/>\nUn osservatore che si trovasse sulla Luna vedrebbe il grande disco della Terra nascondere completamente il disco del Sole mentre transita davanti ad esso.<br \/>\nUn osservatore che si trovasse in prossimit\u00e0 del Sole vedrebbe la Luna transitare dietro la Terra, che la nasconderebbe completamente&#8221;<\/p>\n","protected":false},"excerpt":{"rendered":"<p>Condividiamo con i nostri iscritti alcuni contributo che il prof. Mauro Messerotti ha condiviso con la nostra Universit\u00e0, e che ringraziamo sentitamente [Luna piena] [Luna piena 2] [Giove e le 4 lune] [Giove e le 4 lune 2] &#8220;18 LUGLIO 2019, Luna piena e Giove con le quattro lune medicee (Callisto, Ganimede, Europa, Io da [&hellip;]<\/p>\n","protected":false},"author":2,"featured_media":0,"comment_status":"open","ping_status":"open","sticky":false,"template":"","format":"standard","meta":{"_et_pb_use_builder":"","_et_pb_old_content":"","_et_gb_content_width":"","footnotes":""},"categories":[14],"tags":[],"post_mailing_queue_ids":[],"_links":{"self":[{"href":"https:\/\/uni3trieste.it\/index.php\/wp-json\/wp\/v2\/posts\/9413"}],"collection":[{"href":"https:\/\/uni3trieste.it\/index.php\/wp-json\/wp\/v2\/posts"}],"about":[{"href":"https:\/\/uni3trieste.it\/index.php\/wp-json\/wp\/v2\/types\/post"}],"author":[{"embeddable":true,"href":"https:\/\/uni3trieste.it\/index.php\/wp-json\/wp\/v2\/users\/2"}],"replies":[{"embeddable":true,"href":"https:\/\/uni3trieste.it\/index.php\/wp-json\/wp\/v2\/comments?post=9413"}],"version-history":[{"count":0,"href":"https:\/\/uni3trieste.it\/index.php\/wp-json\/wp\/v2\/posts\/9413\/revisions"}],"wp:attachment":[{"href":"https:\/\/uni3trieste.it\/index.php\/wp-json\/wp\/v2\/media?parent=9413"}],"wp:term":[{"taxonomy":"category","embeddable":true,"href":"https:\/\/uni3trieste.it\/index.php\/wp-json\/wp\/v2\/categories?post=9413"},{"taxonomy":"post_tag","embeddable":true,"href":"https:\/\/uni3trieste.it\/index.php\/wp-json\/wp\/v2\/tags?post=9413"}],"curies":[{"name":"wp","href":"https:\/\/api.w.org\/{rel}","templated":true}]}}